{"id":21178,"date":"2024-07-05T14:59:00","date_gmt":"2024-07-05T19:59:00","guid":{"rendered":"https:\/\/condamine.edu.ec\/?p=21178"},"modified":"2024-08-15T15:06:11","modified_gmt":"2024-08-15T20:06:11","slug":"informations-pour-la-rentree-2024-2025","status":"publish","type":"post","link":"https:\/\/condamine.edu.ec\/?p=21178&lang=es","title":{"rendered":"Informaciones para el regreso a clases 2024-2025"},"content":{"rendered":"\t\t<div data-elementor-type=\"wp-post\" data-elementor-id=\"21178\" class=\"elementor elementor-21178 elementor-21173\" data-elementor-post-type=\"post\">\n\t\t\t\t<div class=\"elementor-element elementor-element-213eeb7 e-con-full e-flex e-con e-parent\" data-id=\"213eeb7\" data-element_type=\"container\" data-e-type=\"container\">\n\t\t<div class=\"elementor-element elementor-element-c86c44c e-con-full e-flex e-con e-child\" data-id=\"c86c44c\" data-element_type=\"container\" data-e-type=\"container\">\n\t\t\t\t<div class=\"elementor-element elementor-element-1b7fc1e elementor-widget elementor-widget-image\" data-id=\"1b7fc1e\" data-element_type=\"widget\" data-e-type=\"widget\" data-widget_type=\"image.default\">\n\t\t\t\t<div class=\"elementor-widget-container\">\n\t\t\t\t\t\t\t\t\t\t\t\t\t\t\t<img fetchpriority=\"high\" decoding=\"async\" width=\"723\" height=\"267\" src=\"https:\/\/condamine.edu.ec\/wp-content\/uploads\/2024\/08\/rentree2024-banner-web.jpg\" class=\"attachment-large size-large wp-image-18513\" alt=\"\" srcset=\"https:\/\/condamine.edu.ec\/wp-content\/uploads\/2024\/08\/rentree2024-banner-web.jpg 723w, https:\/\/condamine.edu.ec\/wp-content\/uploads\/2024\/08\/rentree2024-banner-web-300x111.jpg 300w, https:\/\/condamine.edu.ec\/wp-content\/uploads\/2024\/08\/rentree2024-banner-web-370x137.jpg 370w\" sizes=\"(max-width: 723px) 100vw, 723px\" \/>\t\t\t\t\t\t\t\t\t\t\t\t\t\t\t<\/div>\n\t\t\t\t<\/div>\n\t\t\t\t<\/div>\n\t\t<div class=\"elementor-element elementor-element-3ab4c5d e-con-full e-flex e-con e-child\" data-id=\"3ab4c5d\" data-element_type=\"container\" data-e-type=\"container\">\n\t\t\t\t<div class=\"elementor-element elementor-element-37d1cf5 elementor-widget elementor-widget-image\" data-id=\"37d1cf5\" data-element_type=\"widget\" data-e-type=\"widget\" data-widget_type=\"image.default\">\n\t\t\t\t<div class=\"elementor-widget-container\">\n\t\t\t\t\t\t\t\t\t\t\t\t\t\t\t<img decoding=\"async\" width=\"723\" height=\"267\" src=\"https:\/\/condamine.edu.ec\/wp-content\/uploads\/2024\/08\/rentree-primaire-fr.jpg\" class=\"attachment-large size-large wp-image-18507\" alt=\"\" srcset=\"https:\/\/condamine.edu.ec\/wp-content\/uploads\/2024\/08\/rentree-primaire-fr.jpg 723w, https:\/\/condamine.edu.ec\/wp-content\/uploads\/2024\/08\/rentree-primaire-fr-300x111.jpg 300w, https:\/\/condamine.edu.ec\/wp-content\/uploads\/2024\/08\/rentree-primaire-fr-370x137.jpg 370w\" sizes=\"(max-width: 723px) 100vw, 723px\" \/>\t\t\t\t\t\t\t\t\t\t\t\t\t\t\t<\/div>\n\t\t\t\t<\/div>\n\t\t\t\t<\/div>\n\t\t\t\t<\/div>\n\t\t<div class=\"elementor-element elementor-element-825d80b e-flex e-con-boxed e-con e-parent\" data-id=\"825d80b\" data-element_type=\"container\" data-e-type=\"container\">\n\t\t\t\t\t<div class=\"e-con-inner\">\n\t\t\t\t<div class=\"elementor-element elementor-element-eb6d79a elementor-widget elementor-widget-text-editor\" data-id=\"eb6d79a\" data-element_type=\"widget\" data-e-type=\"widget\" data-widget_type=\"text-editor.default\">\n\t\t\t\t<div class=\"elementor-widget-container\">\n\t\t\t\t\t\t\t\t\t<p>Estimado\/a se\u00f1or\/a,<\/p><p>\u00a0<\/p><p>A principios de septiembre, sus hijos volver\u00e1n al colegio. Nos complace darles la bienvenida.<\/p><p><br \/>Les invito a consultar la siguiente informaci\u00f3n:<\/p><p>\u00a0<\/p><ul><li><strong>Material escolar:\u00a0<\/strong>listas por nivel en\u00a0<a href=\"https:\/\/condamine.edu.ec\/?page_id=312\" target=\"_blank\" rel=\"noopener\" data-cke-saved-href=\"https:\/\/condamine.edu.ec\/utiles-escolares-de-primaria\/?lang=es\">https:\/\/condamine.edu.ec\/fournitures-scolaires\/<\/a><\/li><li><strong>Listas de clase:\u00a0<\/strong>ser\u00e1n publicadas el\u00a0<strong>03 y 04\u00a0de septiembre de 2024\u00a0en 4 carteleras situadas cerca de la granja de animales, en la cancha de b\u00e1squet de primaria y en la entrada de la Secci\u00f3n Maternal.<\/strong><\/li><\/ul><p><br clear=\"ALL\" \/><strong>Organizaci\u00f3n del inicio de clases por niveles<\/strong>\u00a0<\/p><p>\u00a0<\/p><table border=\"1\" width=\"0\" cellspacing=\"0\" cellpadding=\"0\"><tbody><tr><td rowspan=\"2\"><strong>MATERNAL<\/strong><\/td><td>Inicio del a\u00f1o escolar de PS-MS-GS:\u00a0<strong>Mi\u00e9rcoles 04 de septiembre a las 09h00.<\/strong><\/td><\/tr><tr><td>Inicio del a\u00f1o escolar en Tout Petite Section:\u00a0<strong>Mi\u00e9rcoles 04 de septiembre a las 10h00.<\/strong><\/td><\/tr><tr><td><strong>CM2<\/strong><\/td><td>Inicio del a\u00f1o escolar:\u00a0<strong>Martes 3 de septiembre a las 08h00.<\/strong><\/td><\/tr><tr><td><strong>CM1<\/strong><\/td><td>Inicio del a\u00f1o escolar:\u00a0<strong>Martes 3 de septiembre a las 09h00.<\/strong><\/td><\/tr><tr><td><strong>CE2<\/strong><\/td><td>Inicio del a\u00f1o escolar:\u00a0<strong>Martes 3 de septiembre a las 10h00.<\/strong><\/td><\/tr><tr><td><strong>CE1<\/strong><\/td><td>Inicio del a\u00f1o escolar:\u00a0<strong>Martes 3 de septiembre a las 11h00.<\/strong><\/td><\/tr><tr><td><strong>CP<\/strong><\/td><td>Inicio del a\u00f1o escolar:\u00a0<strong>Mi\u00e9rcoles 4 de septiembre a las 08h00.<\/strong><\/td><\/tr><\/tbody><\/table><p>\u00a0<\/p><ul><li><strong>Transporte escolar:\u00a0<\/strong>La llegada de los estudiantes al colegio estar\u00e1 a cargo de las familias. El servicio de transporte funcionar\u00e1 para el regreso de los alumnos. Salida de autobuses: horario normal a las 13h00.<\/li><\/ul><p>\u00a0<\/p><ul><li><strong>Secci\u00f3n Internacional:\u00a0<\/strong>Las clases iniciar\u00e1n el\u00a0<strong>04 de septiembre<\/strong>. Puede consultar los horarios en PRONOTE.<\/li><\/ul><p>\u00a0<\/p><ul><li><strong>Actividades extracurriculares:\u00a0<\/strong>La\u00a0<strong>feria de presentaci\u00f3n<\/strong>\u00a0de actividades extracurriculares se realizar\u00e1 el s\u00e1bado\u00a0<strong>07 de septiembre<\/strong>. Posteriormente, las\u00a0<strong>inscripciones estar\u00e1n abiertas del 07 al 11 de septiembre<\/strong>\u00a0<strong>e iniciar\u00e1n el lunes 16 de septiembre.<\/strong><\/li><\/ul><p>\u00a0<\/p><ul><li><strong>Servicio de restauraci\u00f3n:\u00a0<\/strong>El servicio de catering iniciar\u00e1 su funcionamiento el\u00a0<strong>04 de septiembre.<\/strong><\/li><\/ul><p>\u00a0<\/p><p><strong>Notas de funcionamiento para su informaci\u00f3n :<\/strong><br \/>\u2013\u00a0<a href=\"https:\/\/mcusercontent.com\/d794e5ccf69fedd619aed2b8f\/files\/6136e888-a635-6eef-fe5b-3fb91f1d8f30\/circulaire_parents_vie_scolaire_n_ordm_1_2024_2025_FR.pdf\" target=\"_blank\" rel=\"noopener\" data-saferedirecturl=\"https:\/\/www.google.com\/url?q=https:\/\/mcusercontent.com\/d794e5ccf69fedd619aed2b8f\/files\/6136e888-a635-6eef-fe5b-3fb91f1d8f30\/circulaire_parents_vie_scolaire_n_ordm_1_2024_2025_FR.pdf&amp;source=gmail&amp;ust=1720202527851000&amp;usg=AOvVaw3YFerT6qpc5ud3IIwcVhgp\" data-cke-saved-href=\"https:\/\/mcusercontent.com\/d794e5ccf69fedd619aed2b8f\/files\/6136e888-a635-6eef-fe5b-3fb91f1d8f30\/circulaire_parents_vie_scolaire_n_ordm_1_2024_2025_FR.pdf\">Notas sobre el servicio de Vida Escolar<\/a><br \/>\u2013\u00a0<a href=\"https:\/\/mcusercontent.com\/d794e5ccf69fedd619aed2b8f\/files\/b092f820-0909-a4e3-5060-863e055301b4\/NOTA_DEL_SERVICIO_MEDICO_2024_2025_esp.01.pdf\" target=\"_blank\" rel=\"noopener\" data-cke-saved-href=\"https:\/\/mcusercontent.com\/d794e5ccf69fedd619aed2b8f\/files\/b092f820-0909-a4e3-5060-863e055301b4\/NOTA_DEL_SERVICIO_MEDICO_2024_2025_esp.01.pdf\">Nota del Servicio M\u00e9dico<\/a><br \/>\u2013\u00a0<a href=\"https:\/\/mcusercontent.com\/d794e5ccf69fedd619aed2b8f\/files\/15415665-0064-618b-958b-6730cc0f8ffc\/REGLAMENTO_DE_TRANSPORTE_2024.pdf\" target=\"_blank\" rel=\"noopener\" data-saferedirecturl=\"https:\/\/www.google.com\/url?q=https:\/\/mcusercontent.com\/d794e5ccf69fedd619aed2b8f\/files\/15415665-0064-618b-958b-6730cc0f8ffc\/REGLAMENTO_DE_TRANSPORTE_2024.pdf&amp;source=gmail&amp;ust=1720202527851000&amp;usg=AOvVaw3I196fQ6B7wwg9Cs8QFZ5w\" data-cke-saved-href=\"https:\/\/mcusercontent.com\/d794e5ccf69fedd619aed2b8f\/files\/15415665-0064-618b-958b-6730cc0f8ffc\/REGLAMENTO_DE_TRANSPORTE_2024.pdf\">Reglamento de transporte escolar<\/a><br \/>\u2013\u00a0<a href=\"https:\/\/mcusercontent.com\/d794e5ccf69fedd619aed2b8f\/files\/54c1f2eb-9292-54b8-53b4-4bcb4465159c\/Calendrier_Scolaire_24_25_LaCondamine.pdf\" target=\"_blank\" rel=\"noopener\" data-saferedirecturl=\"https:\/\/www.google.com\/url?q=https:\/\/mcusercontent.com\/d794e5ccf69fedd619aed2b8f\/files\/54c1f2eb-9292-54b8-53b4-4bcb4465159c\/Calendrier_Scolaire_24_25_LaCondamine.pdf&amp;source=gmail&amp;ust=1720202527851000&amp;usg=AOvVaw2A1wxLGYAzAf12toAWIWax\" data-cke-saved-href=\"https:\/\/mcusercontent.com\/d794e5ccf69fedd619aed2b8f\/files\/54c1f2eb-9292-54b8-53b4-4bcb4465159c\/Calendrier_Scolaire_24_25_LaCondamine.pdf\">Calendario escolar anual<\/a><\/p><p>\u00a0<\/p><p>Todo el equipo docente y administrativo desea a todos nuestros alumnos y a sus familias un excelente a\u00f1o escolar 2024-2025.<\/p>\t\t\t\t\t\t\t\t<\/div>\n\t\t\t\t<\/div>\n\t\t\t\t\t<\/div>\n\t\t\t\t<\/div>\n\t\t<div class=\"elementor-element elementor-element-c37c066 e-flex e-con-boxed e-con e-parent\" data-id=\"c37c066\" data-element_type=\"container\" data-e-type=\"container\">\n\t\t\t\t\t<div class=\"e-con-inner\">\n\t\t<div class=\"elementor-element elementor-element-12be25f e-flex e-con-boxed e-con e-child\" data-id=\"12be25f\" data-element_type=\"container\" data-e-type=\"container\">\n\t\t\t\t\t<div class=\"e-con-inner\">\n\t\t\t\t<div class=\"elementor-element elementor-element-274c130 elementor-widget elementor-widget-spacer\" data-id=\"274c130\" data-element_type=\"widget\" data-e-type=\"widget\" data-widget_type=\"spacer.default\">\n\t\t\t\t<div class=\"elementor-widget-container\">\n\t\t\t\t\t\t\t<div class=\"elementor-spacer\">\n\t\t\t<div class=\"elementor-spacer-inner\"><\/div>\n\t\t<\/div>\n\t\t\t\t\t\t<\/div>\n\t\t\t\t<\/div>\n\t\t\t\t\t<\/div>\n\t\t\t\t<\/div>\n\t\t\t\t\t<\/div>\n\t\t\t\t<\/div>\n\t\t<div class=\"elementor-element elementor-element-b4ea8e6 e-con-full e-flex e-con e-parent\" data-id=\"b4ea8e6\" data-element_type=\"container\" data-e-type=\"container\">\n\t\t<div class=\"elementor-element elementor-element-f9f1e7d e-con-full e-flex e-con e-child\" data-id=\"f9f1e7d\" data-element_type=\"container\" data-e-type=\"container\">\n\t\t\t\t<div class=\"elementor-element elementor-element-e35fcd5 elementor-widget elementor-widget-image\" data-id=\"e35fcd5\" data-element_type=\"widget\" data-e-type=\"widget\" data-widget_type=\"image.default\">\n\t\t\t\t<div class=\"elementor-widget-container\">\n\t\t\t\t\t\t\t\t\t\t\t\t\t\t\t<img fetchpriority=\"high\" decoding=\"async\" width=\"723\" height=\"267\" src=\"https:\/\/condamine.edu.ec\/wp-content\/uploads\/2024\/08\/rentree2024-banner-web.jpg\" class=\"attachment-large size-large wp-image-18513\" alt=\"\" srcset=\"https:\/\/condamine.edu.ec\/wp-content\/uploads\/2024\/08\/rentree2024-banner-web.jpg 723w, https:\/\/condamine.edu.ec\/wp-content\/uploads\/2024\/08\/rentree2024-banner-web-300x111.jpg 300w, https:\/\/condamine.edu.ec\/wp-content\/uploads\/2024\/08\/rentree2024-banner-web-370x137.jpg 370w\" sizes=\"(max-width: 723px) 100vw, 723px\" \/>\t\t\t\t\t\t\t\t\t\t\t\t\t\t\t<\/div>\n\t\t\t\t<\/div>\n\t\t\t\t<\/div>\n\t\t<div class=\"elementor-element elementor-element-aaed7f6 e-con-full e-flex e-con e-child\" data-id=\"aaed7f6\" data-element_type=\"container\" data-e-type=\"container\">\n\t\t\t\t<div class=\"elementor-element elementor-element-4d04100 elementor-widget elementor-widget-image\" data-id=\"4d04100\" data-element_type=\"widget\" data-e-type=\"widget\" data-widget_type=\"image.default\">\n\t\t\t\t<div class=\"elementor-widget-container\">\n\t\t\t\t\t\t\t\t\t\t\t\t\t\t\t<img decoding=\"async\" width=\"723\" height=\"267\" src=\"https:\/\/condamine.edu.ec\/wp-content\/uploads\/2024\/08\/rentree-secondaire-fr.jpg\" class=\"attachment-large size-large wp-image-18510\" alt=\"\" srcset=\"https:\/\/condamine.edu.ec\/wp-content\/uploads\/2024\/08\/rentree-secondaire-fr.jpg 723w, https:\/\/condamine.edu.ec\/wp-content\/uploads\/2024\/08\/rentree-secondaire-fr-300x111.jpg 300w, https:\/\/condamine.edu.ec\/wp-content\/uploads\/2024\/08\/rentree-secondaire-fr-370x137.jpg 370w\" sizes=\"(max-width: 723px) 100vw, 723px\" \/>\t\t\t\t\t\t\t\t\t\t\t\t\t\t\t<\/div>\n\t\t\t\t<\/div>\n\t\t\t\t<\/div>\n\t\t\t\t<\/div>\n\t\t<div class=\"elementor-element elementor-element-fb6ffee e-flex e-con-boxed e-con e-parent\" data-id=\"fb6ffee\" data-element_type=\"container\" data-e-type=\"container\">\n\t\t\t\t\t<div class=\"e-con-inner\">\n\t\t\t\t<div class=\"elementor-element elementor-element-efe5a5e elementor-widget elementor-widget-text-editor\" data-id=\"efe5a5e\" data-element_type=\"widget\" data-e-type=\"widget\" data-widget_type=\"text-editor.default\">\n\t\t\t\t<div class=\"elementor-widget-container\">\n\t\t\t\t\t\t\t\t\t<p>Queridas familias, queridos alumnos,<\/p><p>\u00a0<\/p><p>Aqu\u00ed encontrar\u00e1n las informaciones sobre el inicio del nuevo a\u00f1o escolar, las listas de materiales, los documentos que deben firmar y traer consigo el primer d\u00eda del nuevo a\u00f1o escolar, y algunas notas de funcionamiento para que se familiaricen con ellas.<\/p><p>\u00a0<\/p><p>El nuevo a\u00f1o escolar comenzar\u00e1 el\u00a0<strong>martes 3 de septiembre para los alumnos del coll\u00e8ge<\/strong>\u00a0y el<strong>\u00a0mi\u00e9rcoles 4 de septiembre para los alumnos del lyc\u00e9e<\/strong>.<\/p><p>\u00a0<\/p><p>Los servicios administrativos abrir\u00e1n el lunes 26 de agosto.<\/p><p>\u00a0<\/p><p>Les deseamos a todos unas excelentes vacaciones y esperamos que sigan en contacto con el franc\u00e9s, el ingl\u00e9s y el espa\u00f1ol a trav\u00e9s de lecturas, pel\u00edculas, canciones, etc.<\/p><p>\u00a0<\/p><p><strong>Organizaci\u00f3n del regreso a clases 2024-2025:<\/strong><br \/>\u2013\u00a0<a href=\"https:\/\/mcusercontent.com\/d794e5ccf69fedd619aed2b8f\/files\/f7d17a8d-aa7a-32ad-01ac-8f64a319e7f1\/Rentr_eacute_e_scolaire_2024_2025_COLLEGE_esp.pdf\" target=\"_blank\" rel=\"noopener\" data-cke-saved-href=\"https:\/\/mcusercontent.com\/d794e5ccf69fedd619aed2b8f\/files\/f7d17a8d-aa7a-32ad-01ac-8f64a319e7f1\/Rentr_eacute_e_scolaire_2024_2025_COLLEGE_esp.pdf\">Coll\u00e8ge (6\u00e8me a 3\u00e8me)<\/a><br \/>\u2013\u00a0<a href=\"https:\/\/mcusercontent.com\/d794e5ccf69fedd619aed2b8f\/files\/c3021e54-d4e9-e186-d05e-030b332b818a\/Rentr_eacute_e_scolaire_2024_2025_LYCEE_esp.pdf\" target=\"_blank\" rel=\"noopener\" data-cke-saved-href=\"https:\/\/mcusercontent.com\/d794e5ccf69fedd619aed2b8f\/files\/c3021e54-d4e9-e186-d05e-030b332b818a\/Rentr_eacute_e_scolaire_2024_2025_LYCEE_esp.pdf\">Lyc\u00e9e (de 2nde a Terminale)<\/a><\/p><p>\u00a0<\/p><p><strong>Listas de \u00fatiles escolares por nivel:\u00a0<\/strong><a href=\"https:\/\/condamine.edu.ec\/utiles-escolares-6e\/?lang=es\" target=\"_blank\" rel=\"noopener\" data-cke-saved-href=\"https:\/\/condamine.edu.ec\/utiles-escolares-6e\/?lang=es\">https:\/\/condamine.edu.ec\/utiles-escolares-6e\/?lang=es<\/a><\/p><p><strong>Documentos que hay que traer firmados el primer d\u00eda de clase:<\/strong><br \/>\u2013\u00a0<a href=\"https:\/\/mcusercontent.com\/d794e5ccf69fedd619aed2b8f\/files\/ea5300c8-61d7-5743-fd17-61d095966570\/R_egrave_glement_Int_eacute_rieur_Secondaire_2024_2025.pdf\" target=\"_blank\" rel=\"noopener\" data-cke-saved-href=\"https:\/\/mcusercontent.com\/d794e5ccf69fedd619aed2b8f\/files\/ea5300c8-61d7-5743-fd17-61d095966570\/R_egrave_glement_Int_eacute_rieur_Secondaire_2024_2025.pdf\">Reglamento interior y estatutos<\/a>\u00a0<br \/>\u2013\u00a0<a href=\"https:\/\/mcusercontent.com\/d794e5ccf69fedd619aed2b8f\/files\/71b55d79-25a0-8250-2ba7-4ff597363c9a\/Inscription_AS_24_25.pdf\" target=\"_blank\" rel=\"noopener\" data-cke-saved-href=\"https:\/\/mcusercontent.com\/d794e5ccf69fedd619aed2b8f\/files\/71b55d79-25a0-8250-2ba7-4ff597363c9a\/Inscription_AS_24_25.pdf\">Formulario de inscripci\u00f3n en la Asociaci\u00f3n Deportiva<\/a><br \/>\u2013\u00a0<a href=\"https:\/\/mcusercontent.com\/d794e5ccf69fedd619aed2b8f\/files\/c0afe346-ce6f-3c40-e15f-6b2ed82182f8\/Certificado_medical_official.pdf\" target=\"_blank\" rel=\"noopener\" data-cke-saved-href=\"https:\/\/mcusercontent.com\/d794e5ccf69fedd619aed2b8f\/files\/c0afe346-ce6f-3c40-e15f-6b2ed82182f8\/Certificado_medical_official.pdf\">Certificado m\u00e9dico<\/a>\u00a0<\/p><p>\u00a0<\/p><p><strong>Notas de funcionamiento para su informaci\u00f3n :<\/strong><br \/>\u2013\u00a0<a href=\"https:\/\/mcusercontent.com\/d794e5ccf69fedd619aed2b8f\/files\/8448b412-0a5e-211a-e78a-de5db7bc6644\/PLE_2023_2024.pdf\" target=\"_blank\" rel=\"noopener\" data-cke-saved-href=\"https:\/\/mcusercontent.com\/d794e5ccf69fedd619aed2b8f\/files\/8448b412-0a5e-211a-e78a-de5db7bc6644\/PLE_2023_2024.pdf\">Proyecto de evaluaci\u00f3n local<\/a><br \/>\u2013\u00a0<a href=\"https:\/\/mcusercontent.com\/d794e5ccf69fedd619aed2b8f\/files\/fb081fd4-d585-225c-8c43-28dea603bd84\/re_glement_EPS.pdf\" target=\"_blank\" rel=\"noopener\" data-cke-saved-href=\"https:\/\/mcusercontent.com\/d794e5ccf69fedd619aed2b8f\/files\/fb081fd4-d585-225c-8c43-28dea603bd84\/re_glement_EPS.pdf\">Reglamento de educaci\u00f3n f\u00edsica<\/a><br \/>\u2013\u00a0<a href=\"https:\/\/mcusercontent.com\/d794e5ccf69fedd619aed2b8f\/files\/6136e888-a635-6eef-fe5b-3fb91f1d8f30\/circulaire_parents_vie_scolaire_n_ordm_1_2024_2025_FR.pdf\" target=\"_blank\" rel=\"noopener\" data-cke-saved-href=\"https:\/\/mcusercontent.com\/d794e5ccf69fedd619aed2b8f\/files\/6136e888-a635-6eef-fe5b-3fb91f1d8f30\/circulaire_parents_vie_scolaire_n_ordm_1_2024_2025_FR.pdf\">Notas sobre el servicio de Vida Escolar<\/a><br \/>\u2013\u00a0<a href=\"https:\/\/mcusercontent.com\/d794e5ccf69fedd619aed2b8f\/files\/b092f820-0909-a4e3-5060-863e055301b4\/NOTA_DEL_SERVICIO_MEDICO_2024_2025_esp.01.pdf\" target=\"_blank\" rel=\"noopener\" data-cke-saved-href=\"https:\/\/mcusercontent.com\/d794e5ccf69fedd619aed2b8f\/files\/b092f820-0909-a4e3-5060-863e055301b4\/NOTA_DEL_SERVICIO_MEDICO_2024_2025_esp.01.pdf\">Nota del Servicio M\u00e9dico<\/a><br \/>\u2013\u00a0<a href=\"https:\/\/mcusercontent.com\/d794e5ccf69fedd619aed2b8f\/files\/15415665-0064-618b-958b-6730cc0f8ffc\/REGLAMENTO_DE_TRANSPORTE_2024.pdf\" target=\"_blank\" rel=\"noopener\" data-cke-saved-href=\"https:\/\/mcusercontent.com\/d794e5ccf69fedd619aed2b8f\/files\/15415665-0064-618b-958b-6730cc0f8ffc\/REGLAMENTO_DE_TRANSPORTE_2024.pdf\">Reglamento de transporte escolar<\/a><br \/>\u2013\u00a0<a href=\"https:\/\/mcusercontent.com\/d794e5ccf69fedd619aed2b8f\/files\/54c1f2eb-9292-54b8-53b4-4bcb4465159c\/Calendrier_Scolaire_24_25_LaCondamine.pdf\" target=\"_blank\" rel=\"noopener\" data-cke-saved-href=\"https:\/\/mcusercontent.com\/d794e5ccf69fedd619aed2b8f\/files\/54c1f2eb-9292-54b8-53b4-4bcb4465159c\/Calendrier_Scolaire_24_25_LaCondamine.pdf\">Calendario escolar anual<\/a><\/p>\t\t\t\t\t\t\t\t<\/div>\n\t\t\t\t<\/div>\n\t\t\t\t\t<\/div>\n\t\t\t\t<\/div>\n\t\t\t\t<\/div>\n\t\t","protected":false},"excerpt":{"rendered":"<p>Estimado\/a se\u00f1or\/a, \u00a0 A principios de septiembre, sus hijos volver\u00e1n al colegio. Nos complace darles la bienvenida. Les invito a consultar la siguiente informaci\u00f3n: \u00a0 Material escolar:\u00a0listas por nivel en\u00a0https:\/\/condamine.edu.ec\/fournitures-scolaires\/ Listas de clase:\u00a0ser\u00e1n publicadas el\u00a003 y 04\u00a0de septiembre de 2024\u00a0en 4 carteleras situadas cerca de la granja de animales, en la cancha de b\u00e1squet de [&hellip;]<\/p>\n","protected":false},"author":1,"featured_media":18513,"comment_status":"closed","ping_status":"closed","sticky":false,"template":"","format":"standard","meta":{"footnotes":""},"categories":[20],"tags":[],"class_list":["post-21178","post","type-post","status-publish","format-standard","has-post-thumbnail","hentry","category-vida_escolar"],"_links":{"self":[{"href":"https:\/\/condamine.edu.ec\/index.php?rest_route=\/wp\/v2\/posts\/21178","targetHints":{"allow":["GET"]}}],"collection":[{"href":"https:\/\/condamine.edu.ec\/index.php?rest_route=\/wp\/v2\/posts"}],"about":[{"href":"https:\/\/condamine.edu.ec\/index.php?rest_route=\/wp\/v2\/types\/post"}],"author":[{"embeddable":true,"href":"https:\/\/condamine.edu.ec\/index.php?rest_route=\/wp\/v2\/users\/1"}],"replies":[{"embeddable":true,"href":"https:\/\/condamine.edu.ec\/index.php?rest_route=%2Fwp%2Fv2%2Fcomments&post=21178"}],"version-history":[{"count":7,"href":"https:\/\/condamine.edu.ec\/index.php?rest_route=\/wp\/v2\/posts\/21178\/revisions"}],"predecessor-version":[{"id":21185,"href":"https:\/\/condamine.edu.ec\/index.php?rest_route=\/wp\/v2\/posts\/21178\/revisions\/21185"}],"wp:featuredmedia":[{"embeddable":true,"href":"https:\/\/condamine.edu.ec\/index.php?rest_route=\/wp\/v2\/media\/18513"}],"wp:attachment":[{"href":"https:\/\/condamine.edu.ec\/index.php?rest_route=%2Fwp%2Fv2%2Fmedia&parent=21178"}],"wp:term":[{"taxonomy":"category","embeddable":true,"href":"https:\/\/condamine.edu.ec\/index.php?rest_route=%2Fwp%2Fv2%2Fcategories&post=21178"},{"taxonomy":"post_tag","embeddable":true,"href":"https:\/\/condamine.edu.ec\/index.php?rest_route=%2Fwp%2Fv2%2Ftags&post=21178"}],"curies":[{"name":"wp","href":"https:\/\/api.w.org\/{rel}","templated":true}]}}