{"id":21173,"date":"2024-07-05T14:59:00","date_gmt":"2024-07-05T19:59:00","guid":{"rendered":"https:\/\/condamine.edu.ec\/?p=21173"},"modified":"2024-08-15T15:04:08","modified_gmt":"2024-08-15T20:04:08","slug":"informations-pour-la-rentree-2024-2025","status":"publish","type":"post","link":"https:\/\/condamine.edu.ec\/?p=21173","title":{"rendered":"Informations pour la rentr\u00e9e 2024-2025"},"content":{"rendered":"\t\t<div data-elementor-type=\"wp-post\" data-elementor-id=\"21173\" class=\"elementor elementor-21173\" data-elementor-post-type=\"post\">\n\t\t\t\t<div class=\"elementor-element elementor-element-213eeb7 e-con-full e-flex e-con e-parent\" data-id=\"213eeb7\" data-element_type=\"container\" data-e-type=\"container\">\n\t\t<div class=\"elementor-element elementor-element-c86c44c e-con-full e-flex e-con e-child\" data-id=\"c86c44c\" data-element_type=\"container\" data-e-type=\"container\">\n\t\t\t\t<div class=\"elementor-element elementor-element-1b7fc1e elementor-widget elementor-widget-image\" data-id=\"1b7fc1e\" data-element_type=\"widget\" data-e-type=\"widget\" data-widget_type=\"image.default\">\n\t\t\t\t<div class=\"elementor-widget-container\">\n\t\t\t\t\t\t\t\t\t\t\t\t\t\t\t<img fetchpriority=\"high\" decoding=\"async\" width=\"723\" height=\"267\" src=\"https:\/\/condamine.edu.ec\/wp-content\/uploads\/2024\/08\/rentree2024-banner-web.jpg\" class=\"attachment-large size-large wp-image-18511\" alt=\"\" srcset=\"https:\/\/condamine.edu.ec\/wp-content\/uploads\/2024\/08\/rentree2024-banner-web.jpg 723w, https:\/\/condamine.edu.ec\/wp-content\/uploads\/2024\/08\/rentree2024-banner-web-300x111.jpg 300w, https:\/\/condamine.edu.ec\/wp-content\/uploads\/2024\/08\/rentree2024-banner-web-370x137.jpg 370w\" sizes=\"(max-width: 723px) 100vw, 723px\" \/>\t\t\t\t\t\t\t\t\t\t\t\t\t\t\t<\/div>\n\t\t\t\t<\/div>\n\t\t\t\t<\/div>\n\t\t<div class=\"elementor-element elementor-element-3ab4c5d e-con-full e-flex e-con e-child\" data-id=\"3ab4c5d\" data-element_type=\"container\" data-e-type=\"container\">\n\t\t\t\t<div class=\"elementor-element elementor-element-37d1cf5 elementor-widget elementor-widget-image\" data-id=\"37d1cf5\" data-element_type=\"widget\" data-e-type=\"widget\" data-widget_type=\"image.default\">\n\t\t\t\t<div class=\"elementor-widget-container\">\n\t\t\t\t\t\t\t\t\t\t\t\t\t\t\t<img decoding=\"async\" width=\"723\" height=\"267\" src=\"https:\/\/condamine.edu.ec\/wp-content\/uploads\/2024\/08\/rentree-primaire-fr.jpg\" class=\"attachment-large size-large wp-image-18505\" alt=\"\" srcset=\"https:\/\/condamine.edu.ec\/wp-content\/uploads\/2024\/08\/rentree-primaire-fr.jpg 723w, https:\/\/condamine.edu.ec\/wp-content\/uploads\/2024\/08\/rentree-primaire-fr-300x111.jpg 300w, https:\/\/condamine.edu.ec\/wp-content\/uploads\/2024\/08\/rentree-primaire-fr-370x137.jpg 370w\" sizes=\"(max-width: 723px) 100vw, 723px\" \/>\t\t\t\t\t\t\t\t\t\t\t\t\t\t\t<\/div>\n\t\t\t\t<\/div>\n\t\t\t\t<\/div>\n\t\t\t\t<\/div>\n\t\t<div class=\"elementor-element elementor-element-825d80b e-flex e-con-boxed e-con e-parent\" data-id=\"825d80b\" data-element_type=\"container\" data-e-type=\"container\">\n\t\t\t\t\t<div class=\"e-con-inner\">\n\t\t\t\t<div class=\"elementor-element elementor-element-eb6d79a elementor-widget elementor-widget-text-editor\" data-id=\"eb6d79a\" data-element_type=\"widget\" data-e-type=\"widget\" data-widget_type=\"text-editor.default\">\n\t\t\t\t<div class=\"elementor-widget-container\">\n\t\t\t\t\t\t\t\t\t<p>Madame, Monsieur,<\/p><p>\u00a0<\/p><p>Au d\u00e9but du mois de septembre vos enfants reprendront le chemin de l\u2019\u00e9cole. C\u2019est avec plaisir que nous les accueillerons.<\/p><p>\u00a0<\/p><p>Je vous invite \u00e0 prendre connaissance des informations suivantes :<\/p><p>\u00a0<\/p><ul><li><strong>Fournitures scolaires\u00a0<\/strong>: listes par niveau \u00e0 consulter sur\u00a0<a href=\"https:\/\/condamine.edu.ec\/?page_id=312\" target=\"_blank\" rel=\"noopener\" data-cke-saved-href=\"https:\/\/condamine.edu.ec\/fournitures-scolaires\/\">https:\/\/condamine.edu.ec\/fournitures-scolaires\/<\/a><\/li><\/ul><ul><li><strong>Pour consultation des listes des classes<\/strong>: affich\u00e9es\u00a0<strong>le 03 et 04 septembre 2024 sur des panneaux situ\u00e9s pr\u00e8s de la ferme des animaux et le terrain basket du primaire et dans l\u2019entr\u00e9e de la maternelle.<\/strong><\/li><\/ul><p><br clear=\"ALL\" \/><strong>Organisation de la rentr\u00e9e par niveau de classe<\/strong>\u00a0:<\/p><p>\u00a0<\/p><table border=\"1\" width=\"0\" cellspacing=\"0\" cellpadding=\"0\"><tbody><tr><td rowspan=\"2\"><strong>MATERNELLE<\/strong><\/td><td>Rentr\u00e9e des \u00e9l\u00e8ves en PS-MS-GS :\u00a0<strong>Mercredi 4 septembre \u00e0 09h00.<\/strong><\/td><\/tr><tr><td>Rentr\u00e9e des \u00e9l\u00e8ves en Tout Petite Section\u00a0:\u00a0<strong>Mercredi 4 septembre \u00e0 10h00.<\/strong><\/td><\/tr><tr><td><strong>CM2<\/strong><\/td><td>Rentr\u00e9e des \u00e9l\u00e8ves :\u00a0<strong>Mardi 03 septembre \u00e0 08h00.<\/strong><\/td><\/tr><tr><td><strong>CM1<\/strong><\/td><td>Rentr\u00e9e des \u00e9l\u00e8ves :\u00a0<strong>Mardi 03 septembre \u00e0 09h00.<\/strong><\/td><\/tr><tr><td><strong>CE2<\/strong><\/td><td>Rentr\u00e9e des \u00e9l\u00e8ves :\u00a0<strong>Mardi 03 septembre \u00e0 10h00.<\/strong><\/td><\/tr><tr><td><strong>CE1<\/strong><\/td><td>Rentr\u00e9e des \u00e9l\u00e8ves :\u00a0<strong>Mardi 03 septembre \u00e0 11h00.<\/strong><\/td><\/tr><tr><td><strong>CP<\/strong><\/td><td>Rentr\u00e9e des \u00e9l\u00e8ves :\u00a0<strong>Mercredi 04 septembre \u00e0 08h00.<\/strong><\/td><\/tr><\/tbody><\/table><p>\u00a0<\/p><ul><li><strong>Transport scolaire\u00a0<\/strong>: L\u2019arriv\u00e9e des \u00e9l\u00e8ves au lyc\u00e9e sera prise en charge par les familles. Le service de transport fonctionnera pour le retour des \u00e9l\u00e8ves.<p>\u00a0<\/p><\/li><li><p>D\u00e9part des bus : horaire normal \u00e0 13h00.<\/p><ul><li><strong>Section Internationale: Les cours d\u00e9buteront le 04 septembre,\u00a0<\/strong>vous pouvez consulter l\u2019emploi du temps sur PRONOTE.<\/li><li><strong>Activit\u00e9s p\u00e9riscolaires :<\/strong>\u00a0La\u00a0<strong>pr\u00e9sentation des activit\u00e9s p\u00e9riscolaires<\/strong>\u00a0se tiendra le\u00a0<strong>samedi 7 septembre.<\/strong>\u00a0Par la suite, les\u00a0<strong>inscriptions seront ouvertes du 07 au 11 septembre et d\u00e9buteront le lundi 16 septembre.<\/strong><\/li><li><strong>Service de restauration : Le service de catering commencera son fonctionnement le 4 septembre.<\/strong><\/li><\/ul><p>\u00a0<\/p><\/li><\/ul><p>\u00a0<\/p><ul><li><p><strong>Notes de fonctionnement pour prise de connaissance :<\/strong><br \/>\u2013\u00a0<a href=\"https:\/\/mcusercontent.com\/d794e5ccf69fedd619aed2b8f\/files\/8c286e36-b5d2-42aa-ebbf-fb8ac51c546e\/circulaire_parents_vie_scolaire_n_ordm_1_2024_2025_ESP.pdf\" target=\"_blank\" rel=\"noopener\" data-saferedirecturl=\"https:\/\/www.google.com\/url?q=https:\/\/mcusercontent.com\/d794e5ccf69fedd619aed2b8f\/files\/8c286e36-b5d2-42aa-ebbf-fb8ac51c546e\/circulaire_parents_vie_scolaire_n_ordm_1_2024_2025_ESP.pdf&amp;source=gmail&amp;ust=1720202527851000&amp;usg=AOvVaw2IDreAm3jpNLiz5o3G6UP5\" data-cke-saved-href=\"https:\/\/mcusercontent.com\/d794e5ccf69fedd619aed2b8f\/files\/8c286e36-b5d2-42aa-ebbf-fb8ac51c546e\/circulaire_parents_vie_scolaire_n_ordm_1_2024_2025_ESP.pdf\">Notes de Vie scolaire<\/a><br \/>\u2013\u00a0<a href=\"https:\/\/mcusercontent.com\/d794e5ccf69fedd619aed2b8f\/files\/7f32ec74-3d1a-427b-5e57-ce114a4e63de\/NOTA_DEL_SERVICIO_MEDICO_2024_2025_fr.01.pdf\" target=\"_blank\" rel=\"noopener\" data-cke-saved-href=\"https:\/\/mcusercontent.com\/d794e5ccf69fedd619aed2b8f\/files\/7f32ec74-3d1a-427b-5e57-ce114a4e63de\/NOTA_DEL_SERVICIO_MEDICO_2024_2025_fr.01.pdf\">Note du Service m\u00e9dical<\/a><br \/>\u2013\u00a0<a href=\"https:\/\/mcusercontent.com\/d794e5ccf69fedd619aed2b8f\/files\/15415665-0064-618b-958b-6730cc0f8ffc\/REGLAMENTO_DE_TRANSPORTE_2024.pdf\" target=\"_blank\" rel=\"noopener\" data-saferedirecturl=\"https:\/\/www.google.com\/url?q=https:\/\/mcusercontent.com\/d794e5ccf69fedd619aed2b8f\/files\/15415665-0064-618b-958b-6730cc0f8ffc\/REGLAMENTO_DE_TRANSPORTE_2024.pdf&amp;source=gmail&amp;ust=1720202527851000&amp;usg=AOvVaw3I196fQ6B7wwg9Cs8QFZ5w\" data-cke-saved-href=\"https:\/\/mcusercontent.com\/d794e5ccf69fedd619aed2b8f\/files\/15415665-0064-618b-958b-6730cc0f8ffc\/REGLAMENTO_DE_TRANSPORTE_2024.pdf\">R\u00e8glement\u00a0du transport scolaire<\/a><br \/>\u2013\u00a0<a href=\"https:\/\/mcusercontent.com\/d794e5ccf69fedd619aed2b8f\/files\/54c1f2eb-9292-54b8-53b4-4bcb4465159c\/Calendrier_Scolaire_24_25_LaCondamine.pdf\" target=\"_blank\" rel=\"noopener\" data-saferedirecturl=\"https:\/\/www.google.com\/url?q=https:\/\/mcusercontent.com\/d794e5ccf69fedd619aed2b8f\/files\/54c1f2eb-9292-54b8-53b4-4bcb4465159c\/Calendrier_Scolaire_24_25_LaCondamine.pdf&amp;source=gmail&amp;ust=1720202527851000&amp;usg=AOvVaw2A1wxLGYAzAf12toAWIWax\" data-cke-saved-href=\"https:\/\/mcusercontent.com\/d794e5ccf69fedd619aed2b8f\/files\/54c1f2eb-9292-54b8-53b4-4bcb4465159c\/Calendrier_Scolaire_24_25_LaCondamine.pdf\">Calendrier scolaire annuel<\/a><\/p><p>\u00a0<\/p><\/li><li><p><strong>Avec tous nos remerciements.<\/strong><br \/>L\u2019ensemble de l\u2019\u00e9quipe p\u00e9dagogique et administrative se joint \u00e0 moi pour souhaiter une excellente ann\u00e9e scolaire 2024-2025 \u00e0 tous nos \u00e9l\u00e8ves et \u00e0 leurs familles.<\/p><\/li><\/ul>\t\t\t\t\t\t\t\t<\/div>\n\t\t\t\t<\/div>\n\t\t\t\t\t<\/div>\n\t\t\t\t<\/div>\n\t\t<div class=\"elementor-element elementor-element-c37c066 e-flex e-con-boxed e-con e-parent\" data-id=\"c37c066\" data-element_type=\"container\" data-e-type=\"container\">\n\t\t\t\t\t<div class=\"e-con-inner\">\n\t\t<div class=\"elementor-element elementor-element-12be25f e-flex e-con-boxed e-con e-child\" data-id=\"12be25f\" data-element_type=\"container\" data-e-type=\"container\">\n\t\t\t\t\t<div class=\"e-con-inner\">\n\t\t\t\t<div class=\"elementor-element elementor-element-274c130 elementor-widget elementor-widget-spacer\" data-id=\"274c130\" data-element_type=\"widget\" data-e-type=\"widget\" data-widget_type=\"spacer.default\">\n\t\t\t\t<div class=\"elementor-widget-container\">\n\t\t\t\t\t\t\t<div class=\"elementor-spacer\">\n\t\t\t<div class=\"elementor-spacer-inner\"><\/div>\n\t\t<\/div>\n\t\t\t\t\t\t<\/div>\n\t\t\t\t<\/div>\n\t\t\t\t\t<\/div>\n\t\t\t\t<\/div>\n\t\t\t\t\t<\/div>\n\t\t\t\t<\/div>\n\t\t<div class=\"elementor-element elementor-element-b4ea8e6 e-con-full e-flex e-con e-parent\" data-id=\"b4ea8e6\" data-element_type=\"container\" data-e-type=\"container\">\n\t\t<div class=\"elementor-element elementor-element-f9f1e7d e-con-full e-flex e-con e-child\" data-id=\"f9f1e7d\" data-element_type=\"container\" data-e-type=\"container\">\n\t\t\t\t<div class=\"elementor-element elementor-element-e35fcd5 elementor-widget elementor-widget-image\" data-id=\"e35fcd5\" data-element_type=\"widget\" data-e-type=\"widget\" data-widget_type=\"image.default\">\n\t\t\t\t<div class=\"elementor-widget-container\">\n\t\t\t\t\t\t\t\t\t\t\t\t\t\t\t<img fetchpriority=\"high\" decoding=\"async\" width=\"723\" height=\"267\" src=\"https:\/\/condamine.edu.ec\/wp-content\/uploads\/2024\/08\/rentree2024-banner-web.jpg\" class=\"attachment-large size-large wp-image-18511\" alt=\"\" srcset=\"https:\/\/condamine.edu.ec\/wp-content\/uploads\/2024\/08\/rentree2024-banner-web.jpg 723w, https:\/\/condamine.edu.ec\/wp-content\/uploads\/2024\/08\/rentree2024-banner-web-300x111.jpg 300w, https:\/\/condamine.edu.ec\/wp-content\/uploads\/2024\/08\/rentree2024-banner-web-370x137.jpg 370w\" sizes=\"(max-width: 723px) 100vw, 723px\" \/>\t\t\t\t\t\t\t\t\t\t\t\t\t\t\t<\/div>\n\t\t\t\t<\/div>\n\t\t\t\t<\/div>\n\t\t<div class=\"elementor-element elementor-element-aaed7f6 e-con-full e-flex e-con e-child\" data-id=\"aaed7f6\" data-element_type=\"container\" data-e-type=\"container\">\n\t\t\t\t<div class=\"elementor-element elementor-element-4d04100 elementor-widget elementor-widget-image\" data-id=\"4d04100\" data-element_type=\"widget\" data-e-type=\"widget\" data-widget_type=\"image.default\">\n\t\t\t\t<div class=\"elementor-widget-container\">\n\t\t\t\t\t\t\t\t\t\t\t\t\t\t\t<img decoding=\"async\" width=\"723\" height=\"267\" src=\"https:\/\/condamine.edu.ec\/wp-content\/uploads\/2024\/08\/rentree-secondaire-fr.jpg\" class=\"attachment-large size-large wp-image-18508\" alt=\"\" srcset=\"https:\/\/condamine.edu.ec\/wp-content\/uploads\/2024\/08\/rentree-secondaire-fr.jpg 723w, https:\/\/condamine.edu.ec\/wp-content\/uploads\/2024\/08\/rentree-secondaire-fr-300x111.jpg 300w, https:\/\/condamine.edu.ec\/wp-content\/uploads\/2024\/08\/rentree-secondaire-fr-370x137.jpg 370w\" sizes=\"(max-width: 723px) 100vw, 723px\" \/>\t\t\t\t\t\t\t\t\t\t\t\t\t\t\t<\/div>\n\t\t\t\t<\/div>\n\t\t\t\t<\/div>\n\t\t\t\t<\/div>\n\t\t<div class=\"elementor-element elementor-element-fb6ffee e-flex e-con-boxed e-con e-parent\" data-id=\"fb6ffee\" data-element_type=\"container\" data-e-type=\"container\">\n\t\t\t\t\t<div class=\"e-con-inner\">\n\t\t\t\t<div class=\"elementor-element elementor-element-efe5a5e elementor-widget elementor-widget-text-editor\" data-id=\"efe5a5e\" data-element_type=\"widget\" data-e-type=\"widget\" data-widget_type=\"text-editor.default\">\n\t\t\t\t<div class=\"elementor-widget-container\">\n\t\t\t\t\t\t\t\t\t<p>Ch\u00e8res familles, chers \u00e9l\u00e8ves,<\/p><p>\u00a0<\/p><p>Vous trouverez ici les informations sur le d\u00e9roulement de la rentr\u00e9e prochaine, les listes de fournitures, les documents \u00e0 apporter sign\u00e9s le jour de la rentr\u00e9e et des notes de fonctionnement pour votre prise de connaissance.<\/p><p>\u00a0<\/p><p>La rentr\u00e9e aura lieu le\u00a0<strong>mardi 3 septembre pour les \u00e9l\u00e8ves du coll\u00e8ge<\/strong>\u00a0et le\u00a0<strong>mercredi 4 septembre pour les \u00e9l\u00e8ves du lyc\u00e9e<\/strong>.<\/p><p>\u00a0<\/p><p>Les services administratifs ouvriront le lundi 26 ao\u00fbt.<\/p><p>\u00a0<\/p><p>Nous souhaitons\u00a0\u00e0 tous d\u2019excellentes vacances, en restant connect\u00e9s avec le fran\u00e7ais, l\u2019anglais et l\u2019espagnol \u00e0 travers des lectures, films, chansons\u2026<\/p><p>\u00a0<\/p><p><strong>D\u00e9roulement de la rentr\u00e9e :<\/strong><br \/>\u2013\u00a0<a href=\"https:\/\/mcusercontent.com\/d794e5ccf69fedd619aed2b8f\/files\/487e19af-76e3-2c4c-3536-36c7183220b0\/Rentr_eacute_e_scolaire_2024_2025_COLLEGE_fr.pdf\" target=\"_blank\" rel=\"noopener\" data-cke-saved-href=\"https:\/\/mcusercontent.com\/d794e5ccf69fedd619aed2b8f\/files\/487e19af-76e3-2c4c-3536-36c7183220b0\/Rentr_eacute_e_scolaire_2024_2025_COLLEGE_fr.pdf\">Coll\u00e8ge (6\u00e8me \u00e0 3\u00e8me)<\/a><br \/>\u2013\u00a0<a href=\"https:\/\/mcusercontent.com\/d794e5ccf69fedd619aed2b8f\/files\/fa46ab3f-3750-6640-ca9a-fc95405eb77f\/Rentr_eacute_e_scolaire_2024_2025_LYCEE_fr.pdf\" target=\"_blank\" rel=\"noopener\" data-cke-saved-href=\"https:\/\/mcusercontent.com\/d794e5ccf69fedd619aed2b8f\/files\/fa46ab3f-3750-6640-ca9a-fc95405eb77f\/Rentr_eacute_e_scolaire_2024_2025_LYCEE_fr.pdf\">Lyc\u00e9e (2nde \u00e0 terminale)<\/a><\/p><p>\u00a0<\/p><p><strong>Listes des fournitures\u00a0par niveau :\u00a0<\/strong><a href=\"https:\/\/condamine.edu.ec\/?page_id=4534\" target=\"_blank\" rel=\"noopener\" data-cke-saved-href=\"https:\/\/condamine.edu.ec\/fournitures-scolaire-6e\/\">https:\/\/condamine.edu.ec\/fournitures-scolaire-6e\/<\/a><\/p><p>\u00a0<\/p><p><strong>Documents \u00e0 apporter signer le jour de la rentr\u00e9e :<\/strong><\/p><p>\u2013\u00a0<a href=\"https:\/\/mcusercontent.com\/d794e5ccf69fedd619aed2b8f\/files\/ea5300c8-61d7-5743-fd17-61d095966570\/R_egrave_glement_Int_eacute_rieur_Secondaire_2024_2025.pdf\" target=\"_blank\" rel=\"noopener\" data-cke-saved-href=\"https:\/\/mcusercontent.com\/d794e5ccf69fedd619aed2b8f\/files\/ea5300c8-61d7-5743-fd17-61d095966570\/R_egrave_glement_Int_eacute_rieur_Secondaire_2024_2025.pdf\">R\u00e8glement\u00a0int\u00e9rieur et Chartes<\/a><br \/>\u2013\u00a0<a href=\"https:\/\/mcusercontent.com\/d794e5ccf69fedd619aed2b8f\/files\/71b55d79-25a0-8250-2ba7-4ff597363c9a\/Inscription_AS_24_25.pdf\" target=\"_blank\" rel=\"noopener\" data-cke-saved-href=\"https:\/\/mcusercontent.com\/d794e5ccf69fedd619aed2b8f\/files\/71b55d79-25a0-8250-2ba7-4ff597363c9a\/Inscription_AS_24_25.pdf\">Fiche d\u2019inscription \u00e0 l\u2019Association sportive<\/a><br \/>\u2013\u00a0<a href=\"https:\/\/mcusercontent.com\/d794e5ccf69fedd619aed2b8f\/files\/c0afe346-ce6f-3c40-e15f-6b2ed82182f8\/Certificado_medical_official.pdf\" target=\"_blank\" rel=\"noopener\" data-cke-saved-href=\"https:\/\/mcusercontent.com\/d794e5ccf69fedd619aed2b8f\/files\/c0afe346-ce6f-3c40-e15f-6b2ed82182f8\/Certificado_medical_official.pdf\">Certificat m\u00e9dical<\/a><\/p><p>\u00a0<\/p><p><strong>Notes de fonctionnement pour prise de connaissance :<\/strong><br \/>\u2013\u00a0<a href=\"https:\/\/mcusercontent.com\/d794e5ccf69fedd619aed2b8f\/files\/8448b412-0a5e-211a-e78a-de5db7bc6644\/PLE_2023_2024.pdf\" target=\"_blank\" rel=\"noopener\" data-cke-saved-href=\"https:\/\/mcusercontent.com\/d794e5ccf69fedd619aed2b8f\/files\/8448b412-0a5e-211a-e78a-de5db7bc6644\/PLE_2023_2024.pdf\">Projet local d\u2019\u00e9valuation<\/a><br \/>\u2013\u00a0<a href=\"https:\/\/mcusercontent.com\/d794e5ccf69fedd619aed2b8f\/files\/fb081fd4-d585-225c-8c43-28dea603bd84\/re_glement_EPS.pdf\" target=\"_blank\" rel=\"noopener\" data-cke-saved-href=\"https:\/\/mcusercontent.com\/d794e5ccf69fedd619aed2b8f\/files\/fb081fd4-d585-225c-8c43-28dea603bd84\/re_glement_EPS.pdf\">R\u00e8glement pour l\u2019EPS<\/a><br \/>\u2013\u00a0<a href=\"https:\/\/mcusercontent.com\/d794e5ccf69fedd619aed2b8f\/files\/8c286e36-b5d2-42aa-ebbf-fb8ac51c546e\/circulaire_parents_vie_scolaire_n_ordm_1_2024_2025_ESP.pdf\" target=\"_blank\" rel=\"noopener\" data-cke-saved-href=\"https:\/\/mcusercontent.com\/d794e5ccf69fedd619aed2b8f\/files\/8c286e36-b5d2-42aa-ebbf-fb8ac51c546e\/circulaire_parents_vie_scolaire_n_ordm_1_2024_2025_ESP.pdf\">Notes de Vie scolaire<\/a><br \/>\u2013\u00a0<a href=\"https:\/\/mcusercontent.com\/d794e5ccf69fedd619aed2b8f\/files\/7f32ec74-3d1a-427b-5e57-ce114a4e63de\/NOTA_DEL_SERVICIO_MEDICO_2024_2025_fr.01.pdf\" target=\"_blank\" rel=\"noopener\" data-cke-saved-href=\"https:\/\/mcusercontent.com\/d794e5ccf69fedd619aed2b8f\/files\/7f32ec74-3d1a-427b-5e57-ce114a4e63de\/NOTA_DEL_SERVICIO_MEDICO_2024_2025_fr.01.pdf\">Note du Service m\u00e9dical<\/a><br \/>\u2013\u00a0<a href=\"https:\/\/mcusercontent.com\/d794e5ccf69fedd619aed2b8f\/files\/15415665-0064-618b-958b-6730cc0f8ffc\/REGLAMENTO_DE_TRANSPORTE_2024.pdf\" target=\"_blank\" rel=\"noopener\" data-cke-saved-href=\"https:\/\/mcusercontent.com\/d794e5ccf69fedd619aed2b8f\/files\/15415665-0064-618b-958b-6730cc0f8ffc\/REGLAMENTO_DE_TRANSPORTE_2024.pdf\">R\u00e8glement\u00a0du transport scolaire<\/a><br \/>\u2013\u00a0<a href=\"https:\/\/mcusercontent.com\/d794e5ccf69fedd619aed2b8f\/files\/54c1f2eb-9292-54b8-53b4-4bcb4465159c\/Calendrier_Scolaire_24_25_LaCondamine.pdf\" target=\"_blank\" rel=\"noopener\" data-cke-saved-href=\"https:\/\/mcusercontent.com\/d794e5ccf69fedd619aed2b8f\/files\/54c1f2eb-9292-54b8-53b4-4bcb4465159c\/Calendrier_Scolaire_24_25_LaCondamine.pdf\">Calendrier scolaire annuel<\/a><\/p>\t\t\t\t\t\t\t\t<\/div>\n\t\t\t\t<\/div>\n\t\t\t\t\t<\/div>\n\t\t\t\t<\/div>\n\t\t\t\t<\/div>\n\t\t","protected":false},"excerpt":{"rendered":"<p>Madame, Monsieur, \u00a0 Au d\u00e9but du mois de septembre vos enfants reprendront le chemin de l\u2019\u00e9cole. C\u2019est avec plaisir que nous les accueillerons. \u00a0 Je vous invite \u00e0 prendre connaissance des informations suivantes : \u00a0 Fournitures scolaires\u00a0: listes par niveau \u00e0 consulter sur\u00a0https:\/\/condamine.edu.ec\/fournitures-scolaires\/ Pour consultation des listes des classes: affich\u00e9es\u00a0le 03 et 04 septembre 2024 [&hellip;]<\/p>\n","protected":false},"author":1,"featured_media":18511,"comment_status":"closed","ping_status":"closed","sticky":false,"template":"","format":"standard","meta":{"footnotes":""},"categories":[17],"tags":[],"class_list":["post-21173","post","type-post","status-publish","format-standard","has-post-thumbnail","hentry","category-vie-scolaire"],"_links":{"self":[{"href":"https:\/\/condamine.edu.ec\/index.php?rest_route=\/wp\/v2\/posts\/21173","targetHints":{"allow":["GET"]}}],"collection":[{"href":"https:\/\/condamine.edu.ec\/index.php?rest_route=\/wp\/v2\/posts"}],"about":[{"href":"https:\/\/condamine.edu.ec\/index.php?rest_route=\/wp\/v2\/types\/post"}],"author":[{"embeddable":true,"href":"https:\/\/condamine.edu.ec\/index.php?rest_route=\/wp\/v2\/users\/1"}],"replies":[{"embeddable":true,"href":"https:\/\/condamine.edu.ec\/index.php?rest_route=%2Fwp%2Fv2%2Fcomments&post=21173"}],"version-history":[{"count":4,"href":"https:\/\/condamine.edu.ec\/index.php?rest_route=\/wp\/v2\/posts\/21173\/revisions"}],"predecessor-version":[{"id":21177,"href":"https:\/\/condamine.edu.ec\/index.php?rest_route=\/wp\/v2\/posts\/21173\/revisions\/21177"}],"wp:featuredmedia":[{"embeddable":true,"href":"https:\/\/condamine.edu.ec\/index.php?rest_route=\/wp\/v2\/media\/18511"}],"wp:attachment":[{"href":"https:\/\/condamine.edu.ec\/index.php?rest_route=%2Fwp%2Fv2%2Fmedia&parent=21173"}],"wp:term":[{"taxonomy":"category","embeddable":true,"href":"https:\/\/condamine.edu.ec\/index.php?rest_route=%2Fwp%2Fv2%2Fcategories&post=21173"},{"taxonomy":"post_tag","embeddable":true,"href":"https:\/\/condamine.edu.ec\/index.php?rest_route=%2Fwp%2Fv2%2Ftags&post=21173"}],"curies":[{"name":"wp","href":"https:\/\/api.w.org\/{rel}","templated":true}]}}